{"id":1220,"date":"2026-04-01T10:06:56","date_gmt":"2026-04-01T08:06:56","guid":{"rendered":"https:\/\/swietokrzyskalgr.eu\/?p=1220"},"modified":"2026-04-01T10:28:36","modified_gmt":"2026-04-01T08:28:36","slug":"zakonczenie-naboru-wnioskow-nr-fedr-03-01-iw-21-001-26","status":"publish","type":"post","link":"https:\/\/swietokrzyskalgr.eu\/index.php\/2026\/04\/01\/zakonczenie-naboru-wnioskow-nr-fedr-03-01-iw-21-001-26\/","title":{"rendered":"\u00a0Zako\u0144czenie naboru wniosk\u00f3w nr FEDR.03.01-IW.21-001\/26"},"content":{"rendered":"\n<p class=\"has-text-align-center has-pale-cyan-blue-background-color has-background\">Informujemy o zako\u0144czeniu naboru wniosk\u00f3w o dofinansowanie w ramach operacji<\/p>\n\n\n\n<p class=\"has-text-align-center\"><img decoding=\"async\" width=\"16\" height=\"16\" src=\"blob:https:\/\/swietokrzyskalgr.eu\/90b08127-348f-4fb7-901c-c582f4131d72\">\u00a0 \u00a0<strong>\u00a0<strong>\u201eRozw\u00f3j og\u00f3lnodost\u0119pnej infrastruktury lokalnej\u201d,<\/strong> <\/strong><img decoding=\"async\" width=\"16\" height=\"16\" src=\"blob:https:\/\/swietokrzyskalgr.eu\/2dd774f8-5206-465d-aeca-c29ca763f70c\"><\/p>\n\n\n\n<p class=\"has-text-align-center\">realizowanej w ramach Lokalnej Strategii Rozwoju na lata 2021\u20132027.<\/p>\n\n\n\n<p>Nab\u00f3r prowadzony by\u0142 w terminie od 16 marca do 31 marca 2026 r. i skierowany by\u0142 do <strong>jednostek samorz\u0105du terytorialnego oraz jednostek organizacyjnych im podleg\u0142ych.<\/strong><\/p>\n\n\n\n<p>W odpowiedzi na og\u0142oszenie wp\u0142yn\u0119\u0142y <strong>23<\/strong> wnioski o dofinansowanie.<\/p>\n\n\n\n<p>\u00a0Dzi\u0119kujemy wszystkim Wnioskodawcom za zainteresowanie.<\/p>\n\n\n\n<p>Cieszy nas, \u017ce rozw\u00f3j lokalnej infrastruktury, w tym przestrzeni rekreacyjnych, turystycznych i zielonych jest dla Pa\u0144stwa wa\u017cny.<\/p>\n\n\n\n<p>Przed nami etap oceny wniosk\u00f3w \u2013 trzymamy kciuki za wszystkie zg\u0142oszone projekty i b\u0119dziemy na bie\u017c\u0105co informowa\u0107 o wynikach.<\/p>\n\n\n\n<p><\/p>\n\n\n\n<p><\/p>\n\n\n\n<p><\/p>\n","protected":false},"excerpt":{"rendered":"<p>Informujemy o zako\u0144czeniu naboru wniosk\u00f3w o dofinansowanie w ramach operacji \u00a0 \u00a0\u00a0\u201eRozw\u00f3j og\u00f3lnodost\u0119pnej infrastruktury lokalnej\u201d, realizowanej w ramach Lokalnej Strategii Rozwoju na lata 2021\u20132027. Nab\u00f3r prowadzony by\u0142 w terminie od 16 marca do 31 marca 2026 r. i skierowany by\u0142 do jednostek samorz\u0105du terytorialnego oraz jednostek organizacyjnych im podleg\u0142ych. W odpowiedzi na og\u0142oszenie wp\u0142yn\u0119\u0142y 23 [&hellip;]<\/p>\n","protected":false},"author":2,"featured_media":1225,"comment_status":"closed","ping_status":"open","sticky":false,"template":"","format":"standard","meta":{"om_disable_all_campaigns":false,"footnotes":""},"categories":[1],"tags":[],"class_list":["post-1220","post","type-post","status-publish","format-standard","has-post-thumbnail","hentry","category-aktualnosci"],"yoast_head":"<!-- This site is optimized with the Yoast SEO plugin v26.9 - https:\/\/yoast.com\/product\/yoast-seo-wordpress\/ -->\n<title>\u00a0Zako\u0144czenie naboru wniosk\u00f3w nr FEDR.03.01-IW.21-001\/26 - \u015awi\u0119tokrzyska Rybacka Lokalna Grupa Dzia\u0142ania<\/title>\n<meta name=\"robots\" content=\"index, follow, max-snippet:-1, max-image-preview:large, max-video-preview:-1\" \/>\n<link rel=\"canonical\" href=\"https:\/\/swietokrzyskalgr.eu\/index.php\/2026\/04\/01\/zakonczenie-naboru-wnioskow-nr-fedr-03-01-iw-21-001-26\/\" \/>\n<meta property=\"og:locale\" content=\"pl_PL\" \/>\n<meta property=\"og:type\" content=\"article\" \/>\n<meta property=\"og:title\" content=\"\u00a0Zako\u0144czenie naboru wniosk\u00f3w nr FEDR.03.01-IW.21-001\/26 - \u015awi\u0119tokrzyska Rybacka Lokalna Grupa Dzia\u0142ania\" \/>\n<meta property=\"og:description\" content=\"Informujemy o zako\u0144czeniu naboru wniosk\u00f3w o dofinansowanie w ramach operacji \u00a0 \u00a0\u00a0\u201eRozw\u00f3j og\u00f3lnodost\u0119pnej infrastruktury lokalnej\u201d, realizowanej w ramach Lokalnej Strategii Rozwoju na lata 2021\u20132027. Nab\u00f3r prowadzony by\u0142 w terminie od 16 marca do 31 marca 2026 r. i skierowany by\u0142 do jednostek samorz\u0105du terytorialnego oraz jednostek organizacyjnych im podleg\u0142ych. W odpowiedzi na og\u0142oszenie wp\u0142yn\u0119\u0142y 23 [&hellip;]\" \/>\n<meta property=\"og:url\" content=\"https:\/\/swietokrzyskalgr.eu\/index.php\/2026\/04\/01\/zakonczenie-naboru-wnioskow-nr-fedr-03-01-iw-21-001-26\/\" \/>\n<meta property=\"og:site_name\" content=\"\u015awi\u0119tokrzyska Rybacka Lokalna Grupa Dzia\u0142ania\" \/>\n<meta property=\"article:published_time\" content=\"2026-04-01T08:06:56+00:00\" \/>\n<meta property=\"article:modified_time\" content=\"2026-04-01T08:28:36+00:00\" \/>\n<meta property=\"og:image\" content=\"https:\/\/swietokrzyskalgr.eu\/wp-content\/uploads\/2026\/04\/Grafika-.png\" \/>\n\t<meta property=\"og:image:width\" content=\"895\" \/>\n\t<meta property=\"og:image:height\" content=\"675\" \/>\n\t<meta property=\"og:image:type\" content=\"image\/png\" \/>\n<meta name=\"author\" content=\"redaktor\" \/>\n<meta name=\"twitter:card\" content=\"summary_large_image\" \/>\n<meta name=\"twitter:label1\" content=\"Napisane przez\" \/>\n\t<meta name=\"twitter:data1\" content=\"redaktor\" \/>\n\t<meta name=\"twitter:label2\" content=\"Szacowany czas czytania\" \/>\n\t<meta name=\"twitter:data2\" content=\"2 minuty\" \/>\n<script type=\"application\/ld+json\" class=\"yoast-schema-graph\">{\"@context\":\"https:\/\/schema.org\",\"@graph\":[{\"@type\":\"Article\",\"@id\":\"https:\/\/swietokrzyskalgr.eu\/index.php\/2026\/04\/01\/zakonczenie-naboru-wnioskow-nr-fedr-03-01-iw-21-001-26\/#article\",\"isPartOf\":{\"@id\":\"https:\/\/swietokrzyskalgr.eu\/index.php\/2026\/04\/01\/zakonczenie-naboru-wnioskow-nr-fedr-03-01-iw-21-001-26\/\"},\"author\":{\"name\":\"redaktor\",\"@id\":\"https:\/\/swietokrzyskalgr.eu\/#\/schema\/person\/cbb6e509b17b1a49658da814735d6e2c\"},\"headline\":\"\u00a0Zako\u0144czenie naboru wniosk\u00f3w nr FEDR.03.01-IW.21-001\/26\",\"datePublished\":\"2026-04-01T08:06:56+00:00\",\"dateModified\":\"2026-04-01T08:28:36+00:00\",\"mainEntityOfPage\":{\"@id\":\"https:\/\/swietokrzyskalgr.eu\/index.php\/2026\/04\/01\/zakonczenie-naboru-wnioskow-nr-fedr-03-01-iw-21-001-26\/\"},\"wordCount\":120,\"image\":{\"@id\":\"https:\/\/swietokrzyskalgr.eu\/index.php\/2026\/04\/01\/zakonczenie-naboru-wnioskow-nr-fedr-03-01-iw-21-001-26\/#primaryimage\"},\"thumbnailUrl\":\"https:\/\/swietokrzyskalgr.eu\/wp-content\/uploads\/2026\/04\/Grafika-.png\",\"articleSection\":[\"Aktualno\u015bci\"],\"inLanguage\":\"pl-PL\"},{\"@type\":\"WebPage\",\"@id\":\"https:\/\/swietokrzyskalgr.eu\/index.php\/2026\/04\/01\/zakonczenie-naboru-wnioskow-nr-fedr-03-01-iw-21-001-26\/\",\"url\":\"https:\/\/swietokrzyskalgr.eu\/index.php\/2026\/04\/01\/zakonczenie-naboru-wnioskow-nr-fedr-03-01-iw-21-001-26\/\",\"name\":\"\u00a0Zako\u0144czenie naboru wniosk\u00f3w nr FEDR.03.01-IW.21-001\/26 - \u015awi\u0119tokrzyska Rybacka Lokalna Grupa Dzia\u0142ania\",\"isPartOf\":{\"@id\":\"https:\/\/swietokrzyskalgr.eu\/#website\"},\"primaryImageOfPage\":{\"@id\":\"https:\/\/swietokrzyskalgr.eu\/index.php\/2026\/04\/01\/zakonczenie-naboru-wnioskow-nr-fedr-03-01-iw-21-001-26\/#primaryimage\"},\"image\":{\"@id\":\"https:\/\/swietokrzyskalgr.eu\/index.php\/2026\/04\/01\/zakonczenie-naboru-wnioskow-nr-fedr-03-01-iw-21-001-26\/#primaryimage\"},\"thumbnailUrl\":\"https:\/\/swietokrzyskalgr.eu\/wp-content\/uploads\/2026\/04\/Grafika-.png\",\"datePublished\":\"2026-04-01T08:06:56+00:00\",\"dateModified\":\"2026-04-01T08:28:36+00:00\",\"author\":{\"@id\":\"https:\/\/swietokrzyskalgr.eu\/#\/schema\/person\/cbb6e509b17b1a49658da814735d6e2c\"},\"breadcrumb\":{\"@id\":\"https:\/\/swietokrzyskalgr.eu\/index.php\/2026\/04\/01\/zakonczenie-naboru-wnioskow-nr-fedr-03-01-iw-21-001-26\/#breadcrumb\"},\"inLanguage\":\"pl-PL\",\"potentialAction\":[{\"@type\":\"ReadAction\",\"target\":[\"https:\/\/swietokrzyskalgr.eu\/index.php\/2026\/04\/01\/zakonczenie-naboru-wnioskow-nr-fedr-03-01-iw-21-001-26\/\"]}]},{\"@type\":\"ImageObject\",\"inLanguage\":\"pl-PL\",\"@id\":\"https:\/\/swietokrzyskalgr.eu\/index.php\/2026\/04\/01\/zakonczenie-naboru-wnioskow-nr-fedr-03-01-iw-21-001-26\/#primaryimage\",\"url\":\"https:\/\/swietokrzyskalgr.eu\/wp-content\/uploads\/2026\/04\/Grafika-.png\",\"contentUrl\":\"https:\/\/swietokrzyskalgr.eu\/wp-content\/uploads\/2026\/04\/Grafika-.png\",\"width\":895,\"height\":675},{\"@type\":\"BreadcrumbList\",\"@id\":\"https:\/\/swietokrzyskalgr.eu\/index.php\/2026\/04\/01\/zakonczenie-naboru-wnioskow-nr-fedr-03-01-iw-21-001-26\/#breadcrumb\",\"itemListElement\":[{\"@type\":\"ListItem\",\"position\":1,\"name\":\"Home\",\"item\":\"https:\/\/swietokrzyskalgr.eu\/\"},{\"@type\":\"ListItem\",\"position\":2,\"name\":\"\u00a0Zako\u0144czenie naboru wniosk\u00f3w nr FEDR.03.01-IW.21-001\/26\"}]},{\"@type\":\"WebSite\",\"@id\":\"https:\/\/swietokrzyskalgr.eu\/#website\",\"url\":\"https:\/\/swietokrzyskalgr.eu\/\",\"name\":\"\u015awi\u0119tokrzyska Rybacka Lokalna Grupa Dzia\u0142ania\",\"description\":\"\",\"potentialAction\":[{\"@type\":\"SearchAction\",\"target\":{\"@type\":\"EntryPoint\",\"urlTemplate\":\"https:\/\/swietokrzyskalgr.eu\/?s={search_term_string}\"},\"query-input\":{\"@type\":\"PropertyValueSpecification\",\"valueRequired\":true,\"valueName\":\"search_term_string\"}}],\"inLanguage\":\"pl-PL\"},{\"@type\":\"Person\",\"@id\":\"https:\/\/swietokrzyskalgr.eu\/#\/schema\/person\/cbb6e509b17b1a49658da814735d6e2c\",\"name\":\"redaktor\",\"image\":{\"@type\":\"ImageObject\",\"inLanguage\":\"pl-PL\",\"@id\":\"https:\/\/swietokrzyskalgr.eu\/#\/schema\/person\/image\/\",\"url\":\"https:\/\/secure.gravatar.com\/avatar\/55d0cb65e0e8f015d40dfea71720fbffc14ff81e7891c8804ec6ffb3db694c87?s=96&d=mm&r=g\",\"contentUrl\":\"https:\/\/secure.gravatar.com\/avatar\/55d0cb65e0e8f015d40dfea71720fbffc14ff81e7891c8804ec6ffb3db694c87?s=96&d=mm&r=g\",\"caption\":\"redaktor\"},\"url\":\"https:\/\/swietokrzyskalgr.eu\/index.php\/author\/redaktor\/\"}]}<\/script>\n<!-- \/ Yoast SEO plugin. -->","yoast_head_json":{"title":"\u00a0Zako\u0144czenie naboru wniosk\u00f3w nr FEDR.03.01-IW.21-001\/26 - \u015awi\u0119tokrzyska Rybacka Lokalna Grupa Dzia\u0142ania","robots":{"index":"index","follow":"follow","max-snippet":"max-snippet:-1","max-image-preview":"max-image-preview:large","max-video-preview":"max-video-preview:-1"},"canonical":"https:\/\/swietokrzyskalgr.eu\/index.php\/2026\/04\/01\/zakonczenie-naboru-wnioskow-nr-fedr-03-01-iw-21-001-26\/","og_locale":"pl_PL","og_type":"article","og_title":"\u00a0Zako\u0144czenie naboru wniosk\u00f3w nr FEDR.03.01-IW.21-001\/26 - \u015awi\u0119tokrzyska Rybacka Lokalna Grupa Dzia\u0142ania","og_description":"Informujemy o zako\u0144czeniu naboru wniosk\u00f3w o dofinansowanie w ramach operacji \u00a0 \u00a0\u00a0\u201eRozw\u00f3j og\u00f3lnodost\u0119pnej infrastruktury lokalnej\u201d, realizowanej w ramach Lokalnej Strategii Rozwoju na lata 2021\u20132027. Nab\u00f3r prowadzony by\u0142 w terminie od 16 marca do 31 marca 2026 r. i skierowany by\u0142 do jednostek samorz\u0105du terytorialnego oraz jednostek organizacyjnych im podleg\u0142ych. W odpowiedzi na og\u0142oszenie wp\u0142yn\u0119\u0142y 23 [&hellip;]","og_url":"https:\/\/swietokrzyskalgr.eu\/index.php\/2026\/04\/01\/zakonczenie-naboru-wnioskow-nr-fedr-03-01-iw-21-001-26\/","og_site_name":"\u015awi\u0119tokrzyska Rybacka Lokalna Grupa Dzia\u0142ania","article_published_time":"2026-04-01T08:06:56+00:00","article_modified_time":"2026-04-01T08:28:36+00:00","og_image":[{"width":895,"height":675,"url":"https:\/\/swietokrzyskalgr.eu\/wp-content\/uploads\/2026\/04\/Grafika-.png","type":"image\/png"}],"author":"redaktor","twitter_card":"summary_large_image","twitter_misc":{"Napisane przez":"redaktor","Szacowany czas czytania":"2 minuty"},"schema":{"@context":"https:\/\/schema.org","@graph":[{"@type":"Article","@id":"https:\/\/swietokrzyskalgr.eu\/index.php\/2026\/04\/01\/zakonczenie-naboru-wnioskow-nr-fedr-03-01-iw-21-001-26\/#article","isPartOf":{"@id":"https:\/\/swietokrzyskalgr.eu\/index.php\/2026\/04\/01\/zakonczenie-naboru-wnioskow-nr-fedr-03-01-iw-21-001-26\/"},"author":{"name":"redaktor","@id":"https:\/\/swietokrzyskalgr.eu\/#\/schema\/person\/cbb6e509b17b1a49658da814735d6e2c"},"headline":"\u00a0Zako\u0144czenie naboru wniosk\u00f3w nr FEDR.03.01-IW.21-001\/26","datePublished":"2026-04-01T08:06:56+00:00","dateModified":"2026-04-01T08:28:36+00:00","mainEntityOfPage":{"@id":"https:\/\/swietokrzyskalgr.eu\/index.php\/2026\/04\/01\/zakonczenie-naboru-wnioskow-nr-fedr-03-01-iw-21-001-26\/"},"wordCount":120,"image":{"@id":"https:\/\/swietokrzyskalgr.eu\/index.php\/2026\/04\/01\/zakonczenie-naboru-wnioskow-nr-fedr-03-01-iw-21-001-26\/#primaryimage"},"thumbnailUrl":"https:\/\/swietokrzyskalgr.eu\/wp-content\/uploads\/2026\/04\/Grafika-.png","articleSection":["Aktualno\u015bci"],"inLanguage":"pl-PL"},{"@type":"WebPage","@id":"https:\/\/swietokrzyskalgr.eu\/index.php\/2026\/04\/01\/zakonczenie-naboru-wnioskow-nr-fedr-03-01-iw-21-001-26\/","url":"https:\/\/swietokrzyskalgr.eu\/index.php\/2026\/04\/01\/zakonczenie-naboru-wnioskow-nr-fedr-03-01-iw-21-001-26\/","name":"\u00a0Zako\u0144czenie naboru wniosk\u00f3w nr FEDR.03.01-IW.21-001\/26 - \u015awi\u0119tokrzyska Rybacka Lokalna Grupa Dzia\u0142ania","isPartOf":{"@id":"https:\/\/swietokrzyskalgr.eu\/#website"},"primaryImageOfPage":{"@id":"https:\/\/swietokrzyskalgr.eu\/index.php\/2026\/04\/01\/zakonczenie-naboru-wnioskow-nr-fedr-03-01-iw-21-001-26\/#primaryimage"},"image":{"@id":"https:\/\/swietokrzyskalgr.eu\/index.php\/2026\/04\/01\/zakonczenie-naboru-wnioskow-nr-fedr-03-01-iw-21-001-26\/#primaryimage"},"thumbnailUrl":"https:\/\/swietokrzyskalgr.eu\/wp-content\/uploads\/2026\/04\/Grafika-.png","datePublished":"2026-04-01T08:06:56+00:00","dateModified":"2026-04-01T08:28:36+00:00","author":{"@id":"https:\/\/swietokrzyskalgr.eu\/#\/schema\/person\/cbb6e509b17b1a49658da814735d6e2c"},"breadcrumb":{"@id":"https:\/\/swietokrzyskalgr.eu\/index.php\/2026\/04\/01\/zakonczenie-naboru-wnioskow-nr-fedr-03-01-iw-21-001-26\/#breadcrumb"},"inLanguage":"pl-PL","potentialAction":[{"@type":"ReadAction","target":["https:\/\/swietokrzyskalgr.eu\/index.php\/2026\/04\/01\/zakonczenie-naboru-wnioskow-nr-fedr-03-01-iw-21-001-26\/"]}]},{"@type":"ImageObject","inLanguage":"pl-PL","@id":"https:\/\/swietokrzyskalgr.eu\/index.php\/2026\/04\/01\/zakonczenie-naboru-wnioskow-nr-fedr-03-01-iw-21-001-26\/#primaryimage","url":"https:\/\/swietokrzyskalgr.eu\/wp-content\/uploads\/2026\/04\/Grafika-.png","contentUrl":"https:\/\/swietokrzyskalgr.eu\/wp-content\/uploads\/2026\/04\/Grafika-.png","width":895,"height":675},{"@type":"BreadcrumbList","@id":"https:\/\/swietokrzyskalgr.eu\/index.php\/2026\/04\/01\/zakonczenie-naboru-wnioskow-nr-fedr-03-01-iw-21-001-26\/#breadcrumb","itemListElement":[{"@type":"ListItem","position":1,"name":"Home","item":"https:\/\/swietokrzyskalgr.eu\/"},{"@type":"ListItem","position":2,"name":"\u00a0Zako\u0144czenie naboru wniosk\u00f3w nr FEDR.03.01-IW.21-001\/26"}]},{"@type":"WebSite","@id":"https:\/\/swietokrzyskalgr.eu\/#website","url":"https:\/\/swietokrzyskalgr.eu\/","name":"\u015awi\u0119tokrzyska Rybacka Lokalna Grupa Dzia\u0142ania","description":"","potentialAction":[{"@type":"SearchAction","target":{"@type":"EntryPoint","urlTemplate":"https:\/\/swietokrzyskalgr.eu\/?s={search_term_string}"},"query-input":{"@type":"PropertyValueSpecification","valueRequired":true,"valueName":"search_term_string"}}],"inLanguage":"pl-PL"},{"@type":"Person","@id":"https:\/\/swietokrzyskalgr.eu\/#\/schema\/person\/cbb6e509b17b1a49658da814735d6e2c","name":"redaktor","image":{"@type":"ImageObject","inLanguage":"pl-PL","@id":"https:\/\/swietokrzyskalgr.eu\/#\/schema\/person\/image\/","url":"https:\/\/secure.gravatar.com\/avatar\/55d0cb65e0e8f015d40dfea71720fbffc14ff81e7891c8804ec6ffb3db694c87?s=96&d=mm&r=g","contentUrl":"https:\/\/secure.gravatar.com\/avatar\/55d0cb65e0e8f015d40dfea71720fbffc14ff81e7891c8804ec6ffb3db694c87?s=96&d=mm&r=g","caption":"redaktor"},"url":"https:\/\/swietokrzyskalgr.eu\/index.php\/author\/redaktor\/"}]}},"_links":{"self":[{"href":"https:\/\/swietokrzyskalgr.eu\/index.php\/wp-json\/wp\/v2\/posts\/1220","targetHints":{"allow":["GET"]}}],"collection":[{"href":"https:\/\/swietokrzyskalgr.eu\/index.php\/wp-json\/wp\/v2\/posts"}],"about":[{"href":"https:\/\/swietokrzyskalgr.eu\/index.php\/wp-json\/wp\/v2\/types\/post"}],"author":[{"embeddable":true,"href":"https:\/\/swietokrzyskalgr.eu\/index.php\/wp-json\/wp\/v2\/users\/2"}],"replies":[{"embeddable":true,"href":"https:\/\/swietokrzyskalgr.eu\/index.php\/wp-json\/wp\/v2\/comments?post=1220"}],"version-history":[{"count":1,"href":"https:\/\/swietokrzyskalgr.eu\/index.php\/wp-json\/wp\/v2\/posts\/1220\/revisions"}],"predecessor-version":[{"id":1223,"href":"https:\/\/swietokrzyskalgr.eu\/index.php\/wp-json\/wp\/v2\/posts\/1220\/revisions\/1223"}],"wp:featuredmedia":[{"embeddable":true,"href":"https:\/\/swietokrzyskalgr.eu\/index.php\/wp-json\/wp\/v2\/media\/1225"}],"wp:attachment":[{"href":"https:\/\/swietokrzyskalgr.eu\/index.php\/wp-json\/wp\/v2\/media?parent=1220"}],"wp:term":[{"taxonomy":"category","embeddable":true,"href":"https:\/\/swietokrzyskalgr.eu\/index.php\/wp-json\/wp\/v2\/categories?post=1220"},{"taxonomy":"post_tag","embeddable":true,"href":"https:\/\/swietokrzyskalgr.eu\/index.php\/wp-json\/wp\/v2\/tags?post=1220"}],"curies":[{"name":"wp","href":"https:\/\/api.w.org\/{rel}","templated":true}]}}