{"id":825,"date":"2025-10-28T11:06:23","date_gmt":"2025-10-28T10:06:23","guid":{"rendered":"https:\/\/swietokrzyskalgr.eu\/?p=825"},"modified":"2025-10-28T19:12:15","modified_gmt":"2025-10-28T18:12:15","slug":"rybki-ryby-i-rybeczki-z-morz-i-oceanow-calego-swiata-a-takze-z-jeziora-stawu-i-rzeczki","status":"publish","type":"post","link":"https:\/\/swietokrzyskalgr.eu\/index.php\/2025\/10\/28\/rybki-ryby-i-rybeczki-z-morz-i-oceanow-calego-swiata-a-takze-z-jeziora-stawu-i-rzeczki\/","title":{"rendered":"Rybki, ryby i rybeczki z m\u00f3rz i ocean\u00f3w ca\u0142ego \u015bwiata a tak\u017ce z  jeziora, stawu i rzeczki."},"content":{"rendered":"\n<p>Zapraszamy do zapoznania si\u0119 z&nbsp;publikacjami dla dzieci pt.&nbsp;<a href=\"https:\/\/www.rybactwo.gov.pl\/media\/141266\/Slodek_i_Slonka_Ocean_SCR.pdf\">\u201eRybki, ryby i&nbsp;rybeczki z&nbsp;m\u00f3rz i&nbsp;ocean\u00f3w ca\u0142ego \u015bwiata\u201d<\/a>, oraz &#8222;<a href=\"https:\/\/www.rybactwo.gov.pl\/media\/121513\/SlodekSlonka.pdf\" target=\"_blank\" rel=\"noreferrer noopener\">Rybki, ryby i&nbsp;rybeczki z&nbsp;morza, jeziora, stawu i&nbsp;rzeczki<\/a>&#8221; przygotowanymi przez &nbsp;Ministerstwo Rolnictwa i&nbsp;Rozwoju Wsi.<\/p>\n\n\n\n<p>W&nbsp;ksi\u0105\u017ceczkach znajdziesz krzy\u017c\u00f3wki, \u0142amig\u0142\u00f3wki i&nbsp;wiersze\u2026 oraz gr\u0119 mistrz\u00f3w. Ca\u0142o\u015bci dope\u0142niaj\u0105 r\u0119cznie malowane grafiki 50 ryb s\u0142onowodnych. S\u0142onka i&nbsp;S\u0142odek, krople s\u0142onej i&nbsp;s\u0142odkiej wody, przeprowadz\u0105 Was nie tylko przez pe\u0142en tajemnic i&nbsp;ciekawostek \u015bwiat ryb wyst\u0119puj\u0105cych w&nbsp;Polsce ale r\u00f3wnie\u017c w&nbsp;Morzu Ba\u0142tyckim.<\/p>\n\n\n\n<p>W publikacjach szczeg\u00f3lne miejsce po\u015bwi\u0119cone jest programowi pn. Fundusze Europejskie dla Rybactwa, wsp\u00f3\u0142finasowanemu z&nbsp;Europejskiego Funduszu Morskiego, Rybackiego i&nbsp;Akwakultury (EFMRA) oraz bud\u017cetu pa\u0144stwa, kt\u00f3ry w&nbsp;najbli\u017cszych latach b\u0119dzie wspiera\u0142 polskie rybactwo.<\/p>\n\n\n\n<p><strong>Gdzie znajdziesz ksi\u0105\u017ceczk\u0119?<\/strong>\u00a0Wersja elektroniczna jest tutaj:\u00a0dla dzieci pt.\u00a0<a href=\"https:\/\/www.rybactwo.gov.pl\/media\/141266\/Slodek_i_Slonka_Ocean_SCR.pdf\">\u201eRybki, ryby i\u00a0rybeczki z\u00a0m\u00f3rz i\u00a0ocean\u00f3w ca\u0142ego \u015bwiata\u201d<\/a>, oraz &#8222;<a href=\"https:\/\/www.rybactwo.gov.pl\/media\/121513\/SlodekSlonka.pdf\" target=\"_blank\" rel=\"noreferrer noopener\">Rybki, ryby i\u00a0rybeczki z\u00a0morza, jeziora, stawu i\u00a0rzeczki<\/a>&#8221; <\/p>\n\n\n\n<p>Mi\u0142ej lektury.&nbsp;<\/p>\n\n\n\n<p><\/p>\n\n\n\n<p><\/p>\n","protected":false},"excerpt":{"rendered":"<p>Zapraszamy do zapoznania si\u0119 z&nbsp;publikacjami dla dzieci pt.&nbsp;\u201eRybki, ryby i&nbsp;rybeczki z&nbsp;m\u00f3rz i&nbsp;ocean\u00f3w ca\u0142ego \u015bwiata\u201d, oraz &#8222;Rybki, ryby i&nbsp;rybeczki z&nbsp;morza, jeziora, stawu i&nbsp;rzeczki&#8221; przygotowanymi przez &nbsp;Ministerstwo Rolnictwa i&nbsp;Rozwoju Wsi. W&nbsp;ksi\u0105\u017ceczkach znajdziesz krzy\u017c\u00f3wki, \u0142amig\u0142\u00f3wki i&nbsp;wiersze\u2026 oraz gr\u0119 mistrz\u00f3w. Ca\u0142o\u015bci dope\u0142niaj\u0105 r\u0119cznie malowane grafiki 50 ryb s\u0142onowodnych. S\u0142onka i&nbsp;S\u0142odek, krople s\u0142onej i&nbsp;s\u0142odkiej wody, przeprowadz\u0105 Was nie tylko przez [&hellip;]<\/p>\n","protected":false},"author":2,"featured_media":828,"comment_status":"closed","ping_status":"open","sticky":false,"template":"","format":"standard","meta":{"om_disable_all_campaigns":false,"footnotes":""},"categories":[1],"tags":[],"class_list":["post-825","post","type-post","status-publish","format-standard","has-post-thumbnail","hentry","category-aktualnosci"],"yoast_head":"<!-- This site is optimized with the Yoast SEO plugin v26.9 - https:\/\/yoast.com\/product\/yoast-seo-wordpress\/ -->\n<title>Rybki, ryby i rybeczki z m\u00f3rz i ocean\u00f3w ca\u0142ego \u015bwiata a tak\u017ce z jeziora, stawu i rzeczki. - \u015awi\u0119tokrzyska Rybacka Lokalna Grupa Dzia\u0142ania<\/title>\n<meta name=\"robots\" content=\"index, follow, max-snippet:-1, max-image-preview:large, max-video-preview:-1\" \/>\n<link rel=\"canonical\" href=\"https:\/\/swietokrzyskalgr.eu\/index.php\/2025\/10\/28\/rybki-ryby-i-rybeczki-z-morz-i-oceanow-calego-swiata-a-takze-z-jeziora-stawu-i-rzeczki\/\" \/>\n<meta property=\"og:locale\" content=\"pl_PL\" \/>\n<meta property=\"og:type\" content=\"article\" \/>\n<meta property=\"og:title\" content=\"Rybki, ryby i rybeczki z m\u00f3rz i ocean\u00f3w ca\u0142ego \u015bwiata a tak\u017ce z jeziora, stawu i rzeczki. - \u015awi\u0119tokrzyska Rybacka Lokalna Grupa Dzia\u0142ania\" \/>\n<meta property=\"og:description\" content=\"Zapraszamy do zapoznania si\u0119 z&nbsp;publikacjami dla dzieci pt.&nbsp;\u201eRybki, ryby i&nbsp;rybeczki z&nbsp;m\u00f3rz i&nbsp;ocean\u00f3w ca\u0142ego \u015bwiata\u201d, oraz &#8222;Rybki, ryby i&nbsp;rybeczki z&nbsp;morza, jeziora, stawu i&nbsp;rzeczki&#8221; przygotowanymi przez &nbsp;Ministerstwo Rolnictwa i&nbsp;Rozwoju Wsi. W&nbsp;ksi\u0105\u017ceczkach znajdziesz krzy\u017c\u00f3wki, \u0142amig\u0142\u00f3wki i&nbsp;wiersze\u2026 oraz gr\u0119 mistrz\u00f3w. Ca\u0142o\u015bci dope\u0142niaj\u0105 r\u0119cznie malowane grafiki 50 ryb s\u0142onowodnych. S\u0142onka i&nbsp;S\u0142odek, krople s\u0142onej i&nbsp;s\u0142odkiej wody, przeprowadz\u0105 Was nie tylko przez [&hellip;]\" \/>\n<meta property=\"og:url\" content=\"https:\/\/swietokrzyskalgr.eu\/index.php\/2025\/10\/28\/rybki-ryby-i-rybeczki-z-morz-i-oceanow-calego-swiata-a-takze-z-jeziora-stawu-i-rzeczki\/\" \/>\n<meta property=\"og:site_name\" content=\"\u015awi\u0119tokrzyska Rybacka Lokalna Grupa Dzia\u0142ania\" \/>\n<meta property=\"article:published_time\" content=\"2025-10-28T10:06:23+00:00\" \/>\n<meta property=\"article:modified_time\" content=\"2025-10-28T18:12:15+00:00\" \/>\n<meta property=\"og:image\" content=\"https:\/\/swietokrzyskalgr.eu\/wp-content\/uploads\/2025\/10\/Rybki.png\" \/>\n\t<meta property=\"og:image:width\" content=\"641\" \/>\n\t<meta property=\"og:image:height\" content=\"447\" \/>\n\t<meta property=\"og:image:type\" content=\"image\/png\" \/>\n<meta name=\"author\" content=\"redaktor\" \/>\n<meta name=\"twitter:card\" content=\"summary_large_image\" \/>\n<meta name=\"twitter:label1\" content=\"Napisane przez\" \/>\n\t<meta name=\"twitter:data1\" content=\"redaktor\" \/>\n\t<meta name=\"twitter:label2\" content=\"Szacowany czas czytania\" \/>\n\t<meta name=\"twitter:data2\" content=\"2 minuty\" \/>\n<script type=\"application\/ld+json\" class=\"yoast-schema-graph\">{\"@context\":\"https:\/\/schema.org\",\"@graph\":[{\"@type\":\"Article\",\"@id\":\"https:\/\/swietokrzyskalgr.eu\/index.php\/2025\/10\/28\/rybki-ryby-i-rybeczki-z-morz-i-oceanow-calego-swiata-a-takze-z-jeziora-stawu-i-rzeczki\/#article\",\"isPartOf\":{\"@id\":\"https:\/\/swietokrzyskalgr.eu\/index.php\/2025\/10\/28\/rybki-ryby-i-rybeczki-z-morz-i-oceanow-calego-swiata-a-takze-z-jeziora-stawu-i-rzeczki\/\"},\"author\":{\"name\":\"redaktor\",\"@id\":\"https:\/\/swietokrzyskalgr.eu\/#\/schema\/person\/cbb6e509b17b1a49658da814735d6e2c\"},\"headline\":\"Rybki, ryby i rybeczki z m\u00f3rz i ocean\u00f3w ca\u0142ego \u015bwiata a tak\u017ce z jeziora, stawu i rzeczki.\",\"datePublished\":\"2025-10-28T10:06:23+00:00\",\"dateModified\":\"2025-10-28T18:12:15+00:00\",\"mainEntityOfPage\":{\"@id\":\"https:\/\/swietokrzyskalgr.eu\/index.php\/2025\/10\/28\/rybki-ryby-i-rybeczki-z-morz-i-oceanow-calego-swiata-a-takze-z-jeziora-stawu-i-rzeczki\/\"},\"wordCount\":223,\"image\":{\"@id\":\"https:\/\/swietokrzyskalgr.eu\/index.php\/2025\/10\/28\/rybki-ryby-i-rybeczki-z-morz-i-oceanow-calego-swiata-a-takze-z-jeziora-stawu-i-rzeczki\/#primaryimage\"},\"thumbnailUrl\":\"https:\/\/swietokrzyskalgr.eu\/wp-content\/uploads\/2025\/10\/Rybki.png\",\"articleSection\":[\"Aktualno\u015bci\"],\"inLanguage\":\"pl-PL\"},{\"@type\":\"WebPage\",\"@id\":\"https:\/\/swietokrzyskalgr.eu\/index.php\/2025\/10\/28\/rybki-ryby-i-rybeczki-z-morz-i-oceanow-calego-swiata-a-takze-z-jeziora-stawu-i-rzeczki\/\",\"url\":\"https:\/\/swietokrzyskalgr.eu\/index.php\/2025\/10\/28\/rybki-ryby-i-rybeczki-z-morz-i-oceanow-calego-swiata-a-takze-z-jeziora-stawu-i-rzeczki\/\",\"name\":\"Rybki, ryby i rybeczki z m\u00f3rz i ocean\u00f3w ca\u0142ego \u015bwiata a tak\u017ce z jeziora, stawu i rzeczki. - \u015awi\u0119tokrzyska Rybacka Lokalna Grupa Dzia\u0142ania\",\"isPartOf\":{\"@id\":\"https:\/\/swietokrzyskalgr.eu\/#website\"},\"primaryImageOfPage\":{\"@id\":\"https:\/\/swietokrzyskalgr.eu\/index.php\/2025\/10\/28\/rybki-ryby-i-rybeczki-z-morz-i-oceanow-calego-swiata-a-takze-z-jeziora-stawu-i-rzeczki\/#primaryimage\"},\"image\":{\"@id\":\"https:\/\/swietokrzyskalgr.eu\/index.php\/2025\/10\/28\/rybki-ryby-i-rybeczki-z-morz-i-oceanow-calego-swiata-a-takze-z-jeziora-stawu-i-rzeczki\/#primaryimage\"},\"thumbnailUrl\":\"https:\/\/swietokrzyskalgr.eu\/wp-content\/uploads\/2025\/10\/Rybki.png\",\"datePublished\":\"2025-10-28T10:06:23+00:00\",\"dateModified\":\"2025-10-28T18:12:15+00:00\",\"author\":{\"@id\":\"https:\/\/swietokrzyskalgr.eu\/#\/schema\/person\/cbb6e509b17b1a49658da814735d6e2c\"},\"breadcrumb\":{\"@id\":\"https:\/\/swietokrzyskalgr.eu\/index.php\/2025\/10\/28\/rybki-ryby-i-rybeczki-z-morz-i-oceanow-calego-swiata-a-takze-z-jeziora-stawu-i-rzeczki\/#breadcrumb\"},\"inLanguage\":\"pl-PL\",\"potentialAction\":[{\"@type\":\"ReadAction\",\"target\":[\"https:\/\/swietokrzyskalgr.eu\/index.php\/2025\/10\/28\/rybki-ryby-i-rybeczki-z-morz-i-oceanow-calego-swiata-a-takze-z-jeziora-stawu-i-rzeczki\/\"]}]},{\"@type\":\"ImageObject\",\"inLanguage\":\"pl-PL\",\"@id\":\"https:\/\/swietokrzyskalgr.eu\/index.php\/2025\/10\/28\/rybki-ryby-i-rybeczki-z-morz-i-oceanow-calego-swiata-a-takze-z-jeziora-stawu-i-rzeczki\/#primaryimage\",\"url\":\"https:\/\/swietokrzyskalgr.eu\/wp-content\/uploads\/2025\/10\/Rybki.png\",\"contentUrl\":\"https:\/\/swietokrzyskalgr.eu\/wp-content\/uploads\/2025\/10\/Rybki.png\",\"width\":641,\"height\":447},{\"@type\":\"BreadcrumbList\",\"@id\":\"https:\/\/swietokrzyskalgr.eu\/index.php\/2025\/10\/28\/rybki-ryby-i-rybeczki-z-morz-i-oceanow-calego-swiata-a-takze-z-jeziora-stawu-i-rzeczki\/#breadcrumb\",\"itemListElement\":[{\"@type\":\"ListItem\",\"position\":1,\"name\":\"Home\",\"item\":\"https:\/\/swietokrzyskalgr.eu\/\"},{\"@type\":\"ListItem\",\"position\":2,\"name\":\"Rybki, ryby i rybeczki z m\u00f3rz i ocean\u00f3w ca\u0142ego \u015bwiata a tak\u017ce z jeziora, stawu i rzeczki.\"}]},{\"@type\":\"WebSite\",\"@id\":\"https:\/\/swietokrzyskalgr.eu\/#website\",\"url\":\"https:\/\/swietokrzyskalgr.eu\/\",\"name\":\"\u015awi\u0119tokrzyska Rybacka Lokalna Grupa Dzia\u0142ania\",\"description\":\"\",\"potentialAction\":[{\"@type\":\"SearchAction\",\"target\":{\"@type\":\"EntryPoint\",\"urlTemplate\":\"https:\/\/swietokrzyskalgr.eu\/?s={search_term_string}\"},\"query-input\":{\"@type\":\"PropertyValueSpecification\",\"valueRequired\":true,\"valueName\":\"search_term_string\"}}],\"inLanguage\":\"pl-PL\"},{\"@type\":\"Person\",\"@id\":\"https:\/\/swietokrzyskalgr.eu\/#\/schema\/person\/cbb6e509b17b1a49658da814735d6e2c\",\"name\":\"redaktor\",\"image\":{\"@type\":\"ImageObject\",\"inLanguage\":\"pl-PL\",\"@id\":\"https:\/\/swietokrzyskalgr.eu\/#\/schema\/person\/image\/\",\"url\":\"https:\/\/secure.gravatar.com\/avatar\/55d0cb65e0e8f015d40dfea71720fbffc14ff81e7891c8804ec6ffb3db694c87?s=96&d=mm&r=g\",\"contentUrl\":\"https:\/\/secure.gravatar.com\/avatar\/55d0cb65e0e8f015d40dfea71720fbffc14ff81e7891c8804ec6ffb3db694c87?s=96&d=mm&r=g\",\"caption\":\"redaktor\"},\"url\":\"https:\/\/swietokrzyskalgr.eu\/index.php\/author\/redaktor\/\"}]}<\/script>\n<!-- \/ Yoast SEO plugin. -->","yoast_head_json":{"title":"Rybki, ryby i rybeczki z m\u00f3rz i ocean\u00f3w ca\u0142ego \u015bwiata a tak\u017ce z jeziora, stawu i rzeczki. - \u015awi\u0119tokrzyska Rybacka Lokalna Grupa Dzia\u0142ania","robots":{"index":"index","follow":"follow","max-snippet":"max-snippet:-1","max-image-preview":"max-image-preview:large","max-video-preview":"max-video-preview:-1"},"canonical":"https:\/\/swietokrzyskalgr.eu\/index.php\/2025\/10\/28\/rybki-ryby-i-rybeczki-z-morz-i-oceanow-calego-swiata-a-takze-z-jeziora-stawu-i-rzeczki\/","og_locale":"pl_PL","og_type":"article","og_title":"Rybki, ryby i rybeczki z m\u00f3rz i ocean\u00f3w ca\u0142ego \u015bwiata a tak\u017ce z jeziora, stawu i rzeczki. - \u015awi\u0119tokrzyska Rybacka Lokalna Grupa Dzia\u0142ania","og_description":"Zapraszamy do zapoznania si\u0119 z&nbsp;publikacjami dla dzieci pt.&nbsp;\u201eRybki, ryby i&nbsp;rybeczki z&nbsp;m\u00f3rz i&nbsp;ocean\u00f3w ca\u0142ego \u015bwiata\u201d, oraz &#8222;Rybki, ryby i&nbsp;rybeczki z&nbsp;morza, jeziora, stawu i&nbsp;rzeczki&#8221; przygotowanymi przez &nbsp;Ministerstwo Rolnictwa i&nbsp;Rozwoju Wsi. W&nbsp;ksi\u0105\u017ceczkach znajdziesz krzy\u017c\u00f3wki, \u0142amig\u0142\u00f3wki i&nbsp;wiersze\u2026 oraz gr\u0119 mistrz\u00f3w. Ca\u0142o\u015bci dope\u0142niaj\u0105 r\u0119cznie malowane grafiki 50 ryb s\u0142onowodnych. S\u0142onka i&nbsp;S\u0142odek, krople s\u0142onej i&nbsp;s\u0142odkiej wody, przeprowadz\u0105 Was nie tylko przez [&hellip;]","og_url":"https:\/\/swietokrzyskalgr.eu\/index.php\/2025\/10\/28\/rybki-ryby-i-rybeczki-z-morz-i-oceanow-calego-swiata-a-takze-z-jeziora-stawu-i-rzeczki\/","og_site_name":"\u015awi\u0119tokrzyska Rybacka Lokalna Grupa Dzia\u0142ania","article_published_time":"2025-10-28T10:06:23+00:00","article_modified_time":"2025-10-28T18:12:15+00:00","og_image":[{"width":641,"height":447,"url":"https:\/\/swietokrzyskalgr.eu\/wp-content\/uploads\/2025\/10\/Rybki.png","type":"image\/png"}],"author":"redaktor","twitter_card":"summary_large_image","twitter_misc":{"Napisane przez":"redaktor","Szacowany czas czytania":"2 minuty"},"schema":{"@context":"https:\/\/schema.org","@graph":[{"@type":"Article","@id":"https:\/\/swietokrzyskalgr.eu\/index.php\/2025\/10\/28\/rybki-ryby-i-rybeczki-z-morz-i-oceanow-calego-swiata-a-takze-z-jeziora-stawu-i-rzeczki\/#article","isPartOf":{"@id":"https:\/\/swietokrzyskalgr.eu\/index.php\/2025\/10\/28\/rybki-ryby-i-rybeczki-z-morz-i-oceanow-calego-swiata-a-takze-z-jeziora-stawu-i-rzeczki\/"},"author":{"name":"redaktor","@id":"https:\/\/swietokrzyskalgr.eu\/#\/schema\/person\/cbb6e509b17b1a49658da814735d6e2c"},"headline":"Rybki, ryby i rybeczki z m\u00f3rz i ocean\u00f3w ca\u0142ego \u015bwiata a tak\u017ce z jeziora, stawu i rzeczki.","datePublished":"2025-10-28T10:06:23+00:00","dateModified":"2025-10-28T18:12:15+00:00","mainEntityOfPage":{"@id":"https:\/\/swietokrzyskalgr.eu\/index.php\/2025\/10\/28\/rybki-ryby-i-rybeczki-z-morz-i-oceanow-calego-swiata-a-takze-z-jeziora-stawu-i-rzeczki\/"},"wordCount":223,"image":{"@id":"https:\/\/swietokrzyskalgr.eu\/index.php\/2025\/10\/28\/rybki-ryby-i-rybeczki-z-morz-i-oceanow-calego-swiata-a-takze-z-jeziora-stawu-i-rzeczki\/#primaryimage"},"thumbnailUrl":"https:\/\/swietokrzyskalgr.eu\/wp-content\/uploads\/2025\/10\/Rybki.png","articleSection":["Aktualno\u015bci"],"inLanguage":"pl-PL"},{"@type":"WebPage","@id":"https:\/\/swietokrzyskalgr.eu\/index.php\/2025\/10\/28\/rybki-ryby-i-rybeczki-z-morz-i-oceanow-calego-swiata-a-takze-z-jeziora-stawu-i-rzeczki\/","url":"https:\/\/swietokrzyskalgr.eu\/index.php\/2025\/10\/28\/rybki-ryby-i-rybeczki-z-morz-i-oceanow-calego-swiata-a-takze-z-jeziora-stawu-i-rzeczki\/","name":"Rybki, ryby i rybeczki z m\u00f3rz i ocean\u00f3w ca\u0142ego \u015bwiata a tak\u017ce z jeziora, stawu i rzeczki. - \u015awi\u0119tokrzyska Rybacka Lokalna Grupa Dzia\u0142ania","isPartOf":{"@id":"https:\/\/swietokrzyskalgr.eu\/#website"},"primaryImageOfPage":{"@id":"https:\/\/swietokrzyskalgr.eu\/index.php\/2025\/10\/28\/rybki-ryby-i-rybeczki-z-morz-i-oceanow-calego-swiata-a-takze-z-jeziora-stawu-i-rzeczki\/#primaryimage"},"image":{"@id":"https:\/\/swietokrzyskalgr.eu\/index.php\/2025\/10\/28\/rybki-ryby-i-rybeczki-z-morz-i-oceanow-calego-swiata-a-takze-z-jeziora-stawu-i-rzeczki\/#primaryimage"},"thumbnailUrl":"https:\/\/swietokrzyskalgr.eu\/wp-content\/uploads\/2025\/10\/Rybki.png","datePublished":"2025-10-28T10:06:23+00:00","dateModified":"2025-10-28T18:12:15+00:00","author":{"@id":"https:\/\/swietokrzyskalgr.eu\/#\/schema\/person\/cbb6e509b17b1a49658da814735d6e2c"},"breadcrumb":{"@id":"https:\/\/swietokrzyskalgr.eu\/index.php\/2025\/10\/28\/rybki-ryby-i-rybeczki-z-morz-i-oceanow-calego-swiata-a-takze-z-jeziora-stawu-i-rzeczki\/#breadcrumb"},"inLanguage":"pl-PL","potentialAction":[{"@type":"ReadAction","target":["https:\/\/swietokrzyskalgr.eu\/index.php\/2025\/10\/28\/rybki-ryby-i-rybeczki-z-morz-i-oceanow-calego-swiata-a-takze-z-jeziora-stawu-i-rzeczki\/"]}]},{"@type":"ImageObject","inLanguage":"pl-PL","@id":"https:\/\/swietokrzyskalgr.eu\/index.php\/2025\/10\/28\/rybki-ryby-i-rybeczki-z-morz-i-oceanow-calego-swiata-a-takze-z-jeziora-stawu-i-rzeczki\/#primaryimage","url":"https:\/\/swietokrzyskalgr.eu\/wp-content\/uploads\/2025\/10\/Rybki.png","contentUrl":"https:\/\/swietokrzyskalgr.eu\/wp-content\/uploads\/2025\/10\/Rybki.png","width":641,"height":447},{"@type":"BreadcrumbList","@id":"https:\/\/swietokrzyskalgr.eu\/index.php\/2025\/10\/28\/rybki-ryby-i-rybeczki-z-morz-i-oceanow-calego-swiata-a-takze-z-jeziora-stawu-i-rzeczki\/#breadcrumb","itemListElement":[{"@type":"ListItem","position":1,"name":"Home","item":"https:\/\/swietokrzyskalgr.eu\/"},{"@type":"ListItem","position":2,"name":"Rybki, ryby i rybeczki z m\u00f3rz i ocean\u00f3w ca\u0142ego \u015bwiata a tak\u017ce z jeziora, stawu i rzeczki."}]},{"@type":"WebSite","@id":"https:\/\/swietokrzyskalgr.eu\/#website","url":"https:\/\/swietokrzyskalgr.eu\/","name":"\u015awi\u0119tokrzyska Rybacka Lokalna Grupa Dzia\u0142ania","description":"","potentialAction":[{"@type":"SearchAction","target":{"@type":"EntryPoint","urlTemplate":"https:\/\/swietokrzyskalgr.eu\/?s={search_term_string}"},"query-input":{"@type":"PropertyValueSpecification","valueRequired":true,"valueName":"search_term_string"}}],"inLanguage":"pl-PL"},{"@type":"Person","@id":"https:\/\/swietokrzyskalgr.eu\/#\/schema\/person\/cbb6e509b17b1a49658da814735d6e2c","name":"redaktor","image":{"@type":"ImageObject","inLanguage":"pl-PL","@id":"https:\/\/swietokrzyskalgr.eu\/#\/schema\/person\/image\/","url":"https:\/\/secure.gravatar.com\/avatar\/55d0cb65e0e8f015d40dfea71720fbffc14ff81e7891c8804ec6ffb3db694c87?s=96&d=mm&r=g","contentUrl":"https:\/\/secure.gravatar.com\/avatar\/55d0cb65e0e8f015d40dfea71720fbffc14ff81e7891c8804ec6ffb3db694c87?s=96&d=mm&r=g","caption":"redaktor"},"url":"https:\/\/swietokrzyskalgr.eu\/index.php\/author\/redaktor\/"}]}},"_links":{"self":[{"href":"https:\/\/swietokrzyskalgr.eu\/index.php\/wp-json\/wp\/v2\/posts\/825","targetHints":{"allow":["GET"]}}],"collection":[{"href":"https:\/\/swietokrzyskalgr.eu\/index.php\/wp-json\/wp\/v2\/posts"}],"about":[{"href":"https:\/\/swietokrzyskalgr.eu\/index.php\/wp-json\/wp\/v2\/types\/post"}],"author":[{"embeddable":true,"href":"https:\/\/swietokrzyskalgr.eu\/index.php\/wp-json\/wp\/v2\/users\/2"}],"replies":[{"embeddable":true,"href":"https:\/\/swietokrzyskalgr.eu\/index.php\/wp-json\/wp\/v2\/comments?post=825"}],"version-history":[{"count":2,"href":"https:\/\/swietokrzyskalgr.eu\/index.php\/wp-json\/wp\/v2\/posts\/825\/revisions"}],"predecessor-version":[{"id":833,"href":"https:\/\/swietokrzyskalgr.eu\/index.php\/wp-json\/wp\/v2\/posts\/825\/revisions\/833"}],"wp:featuredmedia":[{"embeddable":true,"href":"https:\/\/swietokrzyskalgr.eu\/index.php\/wp-json\/wp\/v2\/media\/828"}],"wp:attachment":[{"href":"https:\/\/swietokrzyskalgr.eu\/index.php\/wp-json\/wp\/v2\/media?parent=825"}],"wp:term":[{"taxonomy":"category","embeddable":true,"href":"https:\/\/swietokrzyskalgr.eu\/index.php\/wp-json\/wp\/v2\/categories?post=825"},{"taxonomy":"post_tag","embeddable":true,"href":"https:\/\/swietokrzyskalgr.eu\/index.php\/wp-json\/wp\/v2\/tags?post=825"}],"curies":[{"name":"wp","href":"https:\/\/api.w.org\/{rel}","templated":true}]}}